{"id":32232,"date":"2026-04-13T14:19:06","date_gmt":"2026-04-13T12:19:06","guid":{"rendered":"https:\/\/www.itq.de\/2026\/04\/13\/cyber-resilience-act-die-security-uhr-tickt-vortrag-im-technologiezentrum-westbayern\/"},"modified":"2026-04-29T09:49:50","modified_gmt":"2026-04-29T07:49:50","slug":"cyber-resilience-act-the-security-clock-is-ticking-presentation-at-the-technologiezentrum-westbayern","status":"publish","type":"post","link":"https:\/\/www.itq.de\/en\/2026\/04\/13\/cyber-resilience-act-the-security-clock-is-ticking-presentation-at-the-technologiezentrum-westbayern\/","title":{"rendered":"Cyber Resilience Act: The Security Clock Is Ticking \u2013 Presentation at the Technologiezentrum Westbayern"},"content":{"rendered":"<div class=\"fusion-fullwidth fullwidth-box fusion-builder-row-1 nonhundred-percent-fullwidth non-hundred-percent-height-scrolling\"  style='background-color: rgba(255,255,255,0);background-position: center center;background-repeat: no-repeat;padding-top:20px;padding-right:0px;padding-bottom:20px;padding-left:0px;'><div class=\"fusion-builder-row fusion-row \"><div  class=\"fusion-layout-column fusion_builder_column fusion_builder_column_1_1 fusion-builder-column-0 fusion-one-full fusion-column-first fusion-column-last 1_1\"  style='margin-top:0px;margin-bottom:20px;'><div class=\"fusion-column-wrapper\" style=\"padding: 0px 0px 0px 0px;background-position:left top;background-repeat:no-repeat;-webkit-background-size:cover;-moz-background-size:cover;-o-background-size:cover;background-size:cover;\"   data-bg-url=\"\"><div class=\"fusion-sep-clear\"><\/div><div class=\"fusion-separator fusion-full-width-sep sep-none\" style=\"margin-left: auto;margin-right: auto;margin-top:;margin-bottom:15px;\"><\/div><div class=\"fusion-text\"><p data-start=\"0\" data-end=\"335\">On May 5, 2026, a specialist presentation by our Senior Consultant M.Sc. <span class=\"hover:entity-accent entity-underline inline cursor-pointer align-baseline\"><span class=\"whitespace-normal\">Michael Enslin<\/span><\/span> will take place at the <a href=\"https:\/\/tcw-donau-ries.de\/\" target=\"_blank\" rel=\"noopener\"><span class=\"hover:entity-accent entity-underline inline cursor-pointer align-baseline\"><span class=\"whitespace-normal\">Technologiezentrum Westbayern<\/span><\/span> (TCW)<\/a> in <span class=\"hover:entity-accent entity-underline inline cursor-pointer align-baseline\"><span class=\"whitespace-normal\">N\u00f6rdlingen<\/span><\/span> on the topic <strong data-start=\"232\" data-end=\"335\">\u201c<\/strong>Cyber Resilience Act \u2013 Target Year 2027: The Security Clock Is Ticking for Industrial Automation.\u201d<\/p>\n<p data-start=\"337\" data-end=\"804\">The event offers companies in industrial automation a compact overview of the new regulatory requirements of the <span class=\"hover:entity-accent entity-underline inline cursor-pointer align-baseline\"><span class=\"whitespace-normal\">European Union<\/span><\/span> in the field of cybersecurity. With the Cyber Resilience Act (CRA), which will become mandatory from December 2027, manufacturers and operators of connected systems are facing far-reaching challenges. Controllers, sensors, drives, and complete production systems are increasingly coming into the focus of regulation.<\/p>\n<p data-start=\"806\" data-end=\"1310\">In his presentation, Michael Enslin explains which products and systems are specifically affected and which measures companies should already take today to ensure they can continue to offer their products on the EU market in the future. In this context, the industrial standard <span class=\"hover:entity-accent entity-underline inline cursor-pointer align-baseline\"><span class=\"whitespace-normal\">IEC 62443<\/span><\/span> is highlighted as a proven framework that enables companies\u2014especially small and medium-sized enterprises\u2014to implement cybersecurity requirements in a structured and cost-efficient manner.<\/p>\n<p data-start=\"1312\" data-end=\"1692\">The focus is on practical examples and concrete solution approaches from industrial automation. These include, among others, secure machine communication using certificate-based encryption, centralized authentication via modern identity providers, systematic vulnerability scanning, and the use of a Software Bill of Materials (SBOM) to ensure transparency of software components.<\/p>\n<p data-start=\"1694\" data-end=\"1977\" data-is-last-node=\"\" data-is-only-node=\"\">The presentation not only provides a well-founded introduction to the requirements of the CRA, but also offers valuable insights into how companies can strategically use the remaining time until 2027\u2014as a basis for compliance and for sustainably strengthening their cyber resilience.<\/p>\n<p><span style=\"color: #0077be;\"><strong>Event Details \u2013 Cyber Resilince Act: Die Security-Uhr tickt<\/strong><\/span><\/p>\n<p><strong>Date:<\/strong> May 5, 09:00\u201316:30<\/p>\n<p><strong>ITQ Presentation:<\/strong> 11:00\u201312:00, \u201cCyber Resilience Act: The Security Clock Is Ticking\u201d with <span class=\"hover:entity-accent entity-underline inline cursor-pointer align-baseline\"><span class=\"whitespace-normal\">Michael Enslin<\/span><\/span><\/p>\n<p><strong>Location: <\/strong>TCW N\u00f6rdlingen, Emil-Eigner-Stra\u00dfe 1, 86720 N\u00f6rdlingen<\/p>\n<p><strong>Registration via: <\/strong><a href=\"https:\/\/tcw-donau-ries.de\/\" target=\"_blank\" rel=\"noopener\">Technologiezentrum Westbayern (TCW)<\/a><\/p>\n<\/div><style type=\"text\/css\"><\/style><div class=\"fusion-title title fusion-title-1 fusion-sep-none fusion-title-text fusion-title-size-five\" style=\"margin-top:40px;margin-bottom:31px;\"><h5 class=\"title-heading-left\" style=\"margin:0;color:#333333;\"><strong>Weitere Informationen:<\/strong><\/h5><\/div><div class=\"fusion-fa-align-left\"><i class=\"fb-icon-element-1 fb-icon-element fontawesome-icon fa-globe-americas fas circle-no fa-line-height\" style=\"font-size:18px;margin-right:9px;\"><\/i><\/div><style>i.fontawesome-icon.fb-icon-element-1{ color: #007cc3;}i.fontawesome-icon.fb-icon-element-1:hover { color: #007cc3;}<\/style><div class=\"fusion-text\"><p><a href=\"https:\/\/tcw-donau-ries.de\/veranstaltungen\/\" target=\"_blank\" rel=\"noopener\">Technologiezentrum Westbayern (TCW) <strong>\u2013<\/strong> Homepage<\/a><\/p>\n<\/div><div class=\"fusion-clearfix\"><\/div><\/div><\/div><\/div><\/div>\n","protected":false},"excerpt":{"rendered":"","protected":false},"author":28,"featured_media":32222,"comment_status":"closed","ping_status":"closed","sticky":false,"template":"","format":"standard","meta":{"_acf_changed":false,"footnotes":""},"categories":[16,37],"tags":[],"class_list":["post-32232","post","type-post","status-publish","format-standard","has-post-thumbnail","hentry","category-events","category-news-en-2"],"acf":[],"yoast_head":"<!-- This site is optimized with the Yoast SEO plugin v27.1.1 - https:\/\/yoast.com\/product\/yoast-seo-wordpress\/ -->\n<title>ITQ GmbH - Cyber Resilience Act: The Security Clock Is Ticking \u2013 Presentation at the Technologiezentrum Westbayern<\/title>\n<meta name=\"description\" content=\"On May 5, 2026, a specialist presentation on the topic of the \u201cCyber Resilience Act\u201d will take place at the Technologiezentrum Westbayern (TCW) in N\u00f6rdlingen.\" \/>\n<meta name=\"robots\" content=\"index, follow, max-snippet:-1, max-image-preview:large, max-video-preview:-1\" \/>\n<link rel=\"canonical\" href=\"https:\/\/www.itq.de\/en\/2026\/04\/13\/cyber-resilience-act-the-security-clock-is-ticking-presentation-at-the-technologiezentrum-westbayern\/\" \/>\n<meta property=\"og:locale\" content=\"en_US\" \/>\n<meta property=\"og:type\" content=\"article\" \/>\n<meta property=\"og:title\" content=\"ITQ GmbH - Cyber Resilience Act: The Security Clock Is Ticking \u2013 Presentation at the Technologiezentrum Westbayern\" \/>\n<meta property=\"og:description\" content=\"On May 5, 2026, a specialist presentation on the topic of the \u201cCyber Resilience Act\u201d will take place at the Technologiezentrum Westbayern (TCW) in N\u00f6rdlingen.\" \/>\n<meta property=\"og:url\" content=\"https:\/\/www.itq.de\/en\/2026\/04\/13\/cyber-resilience-act-the-security-clock-is-ticking-presentation-at-the-technologiezentrum-westbayern\/\" \/>\n<meta property=\"og:site_name\" content=\"ITQ GmbH\" \/>\n<meta property=\"article:published_time\" content=\"2026-04-13T12:19:06+00:00\" \/>\n<meta property=\"article:modified_time\" content=\"2026-04-29T07:49:50+00:00\" \/>\n<meta property=\"og:image\" content=\"https:\/\/www.itq.de\/wp-content\/uploads\/2026\/04\/CRA-Fachvortrag-Noerdlingen-scaled.jpg\" \/>\n\t<meta property=\"og:image:width\" content=\"2048\" \/>\n\t<meta property=\"og:image:height\" content=\"743\" \/>\n\t<meta property=\"og:image:type\" content=\"image\/jpeg\" \/>\n<meta name=\"author\" content=\"Alisa Buzunova\" \/>\n<meta name=\"twitter:card\" content=\"summary_large_image\" \/>\n<meta name=\"twitter:label1\" content=\"Written by\" \/>\n\t<meta name=\"twitter:data1\" content=\"Alisa Buzunova\" \/>\n\t<meta name=\"twitter:label2\" content=\"Est. reading time\" \/>\n\t<meta name=\"twitter:data2\" content=\"3 minutes\" \/>\n<script type=\"application\/ld+json\" class=\"yoast-schema-graph\">{\"@context\":\"https:\/\/schema.org\",\"@graph\":[{\"@type\":\"Article\",\"@id\":\"https:\/\/www.itq.de\/en\/2026\/04\/13\/cyber-resilience-act-the-security-clock-is-ticking-presentation-at-the-technologiezentrum-westbayern\/#article\",\"isPartOf\":{\"@id\":\"https:\/\/www.itq.de\/en\/2026\/04\/13\/cyber-resilience-act-the-security-clock-is-ticking-presentation-at-the-technologiezentrum-westbayern\/\"},\"author\":{\"name\":\"Alisa Buzunova\",\"@id\":\"https:\/\/www.itq.de\/en\/#\/schema\/person\/e5fcb827698a5e3eccc3b5bfd2dc3915\"},\"headline\":\"Cyber Resilience Act: The Security Clock Is Ticking \u2013 Presentation at the Technologiezentrum Westbayern\",\"datePublished\":\"2026-04-13T12:19:06+00:00\",\"dateModified\":\"2026-04-29T07:49:50+00:00\",\"mainEntityOfPage\":{\"@id\":\"https:\/\/www.itq.de\/en\/2026\/04\/13\/cyber-resilience-act-the-security-clock-is-ticking-presentation-at-the-technologiezentrum-westbayern\/\"},\"wordCount\":673,\"publisher\":{\"@id\":\"https:\/\/www.itq.de\/en\/#organization\"},\"image\":{\"@id\":\"https:\/\/www.itq.de\/en\/2026\/04\/13\/cyber-resilience-act-the-security-clock-is-ticking-presentation-at-the-technologiezentrum-westbayern\/#primaryimage\"},\"thumbnailUrl\":\"https:\/\/www.itq.de\/wp-content\/uploads\/2026\/04\/CRA-Fachvortrag-Noerdlingen-scaled.jpg\",\"articleSection\":[\"Events\",\"News\"],\"inLanguage\":\"en-US\"},{\"@type\":\"WebPage\",\"@id\":\"https:\/\/www.itq.de\/en\/2026\/04\/13\/cyber-resilience-act-the-security-clock-is-ticking-presentation-at-the-technologiezentrum-westbayern\/\",\"url\":\"https:\/\/www.itq.de\/en\/2026\/04\/13\/cyber-resilience-act-the-security-clock-is-ticking-presentation-at-the-technologiezentrum-westbayern\/\",\"name\":\"ITQ GmbH - Cyber Resilience Act: The Security Clock Is Ticking \u2013 Presentation at the Technologiezentrum Westbayern\",\"isPartOf\":{\"@id\":\"https:\/\/www.itq.de\/en\/#website\"},\"primaryImageOfPage\":{\"@id\":\"https:\/\/www.itq.de\/en\/2026\/04\/13\/cyber-resilience-act-the-security-clock-is-ticking-presentation-at-the-technologiezentrum-westbayern\/#primaryimage\"},\"image\":{\"@id\":\"https:\/\/www.itq.de\/en\/2026\/04\/13\/cyber-resilience-act-the-security-clock-is-ticking-presentation-at-the-technologiezentrum-westbayern\/#primaryimage\"},\"thumbnailUrl\":\"https:\/\/www.itq.de\/wp-content\/uploads\/2026\/04\/CRA-Fachvortrag-Noerdlingen-scaled.jpg\",\"datePublished\":\"2026-04-13T12:19:06+00:00\",\"dateModified\":\"2026-04-29T07:49:50+00:00\",\"description\":\"On May 5, 2026, a specialist presentation on the topic of the \u201cCyber Resilience Act\u201d will take place at the Technologiezentrum Westbayern (TCW) in N\u00f6rdlingen.\",\"breadcrumb\":{\"@id\":\"https:\/\/www.itq.de\/en\/2026\/04\/13\/cyber-resilience-act-the-security-clock-is-ticking-presentation-at-the-technologiezentrum-westbayern\/#breadcrumb\"},\"inLanguage\":\"en-US\",\"potentialAction\":[{\"@type\":\"ReadAction\",\"target\":[\"https:\/\/www.itq.de\/en\/2026\/04\/13\/cyber-resilience-act-the-security-clock-is-ticking-presentation-at-the-technologiezentrum-westbayern\/\"]}]},{\"@type\":\"ImageObject\",\"inLanguage\":\"en-US\",\"@id\":\"https:\/\/www.itq.de\/en\/2026\/04\/13\/cyber-resilience-act-the-security-clock-is-ticking-presentation-at-the-technologiezentrum-westbayern\/#primaryimage\",\"url\":\"https:\/\/www.itq.de\/wp-content\/uploads\/2026\/04\/CRA-Fachvortrag-Noerdlingen-scaled.jpg\",\"contentUrl\":\"https:\/\/www.itq.de\/wp-content\/uploads\/2026\/04\/CRA-Fachvortrag-Noerdlingen-scaled.jpg\",\"width\":2048,\"height\":743},{\"@type\":\"BreadcrumbList\",\"@id\":\"https:\/\/www.itq.de\/en\/2026\/04\/13\/cyber-resilience-act-the-security-clock-is-ticking-presentation-at-the-technologiezentrum-westbayern\/#breadcrumb\",\"itemListElement\":[{\"@type\":\"ListItem\",\"position\":1,\"name\":\"Startseite\",\"item\":\"https:\/\/www.itq.de\/en\/\"},{\"@type\":\"ListItem\",\"position\":2,\"name\":\"Cyber Resilience Act: The Security Clock Is Ticking \u2013 Presentation at the Technologiezentrum Westbayern\"}]},{\"@type\":\"WebSite\",\"@id\":\"https:\/\/www.itq.de\/en\/#website\",\"url\":\"https:\/\/www.itq.de\/en\/\",\"name\":\"ITQ GmbH\",\"description\":\"Dienstleistung und Beratung f\u00fcr Embedded Systems, Maschinen und Anlagen\",\"publisher\":{\"@id\":\"https:\/\/www.itq.de\/en\/#organization\"},\"potentialAction\":[{\"@type\":\"SearchAction\",\"target\":{\"@type\":\"EntryPoint\",\"urlTemplate\":\"https:\/\/www.itq.de\/en\/?s={search_term_string}\"},\"query-input\":{\"@type\":\"PropertyValueSpecification\",\"valueRequired\":true,\"valueName\":\"search_term_string\"}}],\"inLanguage\":\"en-US\"},{\"@type\":\"Organization\",\"@id\":\"https:\/\/www.itq.de\/en\/#organization\",\"name\":\"ITQ GmbH\",\"url\":\"https:\/\/www.itq.de\/en\/\",\"logo\":{\"@type\":\"ImageObject\",\"inLanguage\":\"en-US\",\"@id\":\"https:\/\/www.itq.de\/en\/#\/schema\/logo\/image\/\",\"url\":\"https:\/\/www.itq.de\/wp-content\/uploads\/2019\/03\/ITQ_Logo-1.jpg\",\"contentUrl\":\"https:\/\/www.itq.de\/wp-content\/uploads\/2019\/03\/ITQ_Logo-1.jpg\",\"width\":1442,\"height\":812,\"caption\":\"ITQ GmbH\"},\"image\":{\"@id\":\"https:\/\/www.itq.de\/en\/#\/schema\/logo\/image\/\"}},{\"@type\":\"Person\",\"@id\":\"https:\/\/www.itq.de\/en\/#\/schema\/person\/e5fcb827698a5e3eccc3b5bfd2dc3915\",\"name\":\"Alisa Buzunova\",\"image\":{\"@type\":\"ImageObject\",\"inLanguage\":\"en-US\",\"@id\":\"https:\/\/www.itq.de\/en\/#\/schema\/person\/image\/\",\"url\":\"https:\/\/secure.gravatar.com\/avatar\/6a54ae8774016257394aaa890bccd0e49cda6f1e0d7aea961c35646edaa70ec8?s=96&d=mm&r=g\",\"contentUrl\":\"https:\/\/secure.gravatar.com\/avatar\/6a54ae8774016257394aaa890bccd0e49cda6f1e0d7aea961c35646edaa70ec8?s=96&d=mm&r=g\",\"caption\":\"Alisa Buzunova\"},\"url\":\"https:\/\/www.itq.de\/en\/author\/buzunova\/\"}]}<\/script>\n<!-- \/ Yoast SEO plugin. -->","yoast_head_json":{"title":"ITQ GmbH - Cyber Resilience Act: The Security Clock Is Ticking \u2013 Presentation at the Technologiezentrum Westbayern","description":"On May 5, 2026, a specialist presentation on the topic of the \u201cCyber Resilience Act\u201d will take place at the Technologiezentrum Westbayern (TCW) in N\u00f6rdlingen.","robots":{"index":"index","follow":"follow","max-snippet":"max-snippet:-1","max-image-preview":"max-image-preview:large","max-video-preview":"max-video-preview:-1"},"canonical":"https:\/\/www.itq.de\/en\/2026\/04\/13\/cyber-resilience-act-the-security-clock-is-ticking-presentation-at-the-technologiezentrum-westbayern\/","og_locale":"en_US","og_type":"article","og_title":"ITQ GmbH - Cyber Resilience Act: The Security Clock Is Ticking \u2013 Presentation at the Technologiezentrum Westbayern","og_description":"On May 5, 2026, a specialist presentation on the topic of the \u201cCyber Resilience Act\u201d will take place at the Technologiezentrum Westbayern (TCW) in N\u00f6rdlingen.","og_url":"https:\/\/www.itq.de\/en\/2026\/04\/13\/cyber-resilience-act-the-security-clock-is-ticking-presentation-at-the-technologiezentrum-westbayern\/","og_site_name":"ITQ GmbH","article_published_time":"2026-04-13T12:19:06+00:00","article_modified_time":"2026-04-29T07:49:50+00:00","og_image":[{"width":2048,"height":743,"url":"https:\/\/www.itq.de\/wp-content\/uploads\/2026\/04\/CRA-Fachvortrag-Noerdlingen-scaled.jpg","type":"image\/jpeg"}],"author":"Alisa Buzunova","twitter_card":"summary_large_image","twitter_misc":{"Written by":"Alisa Buzunova","Est. reading time":"3 minutes"},"schema":{"@context":"https:\/\/schema.org","@graph":[{"@type":"Article","@id":"https:\/\/www.itq.de\/en\/2026\/04\/13\/cyber-resilience-act-the-security-clock-is-ticking-presentation-at-the-technologiezentrum-westbayern\/#article","isPartOf":{"@id":"https:\/\/www.itq.de\/en\/2026\/04\/13\/cyber-resilience-act-the-security-clock-is-ticking-presentation-at-the-technologiezentrum-westbayern\/"},"author":{"name":"Alisa Buzunova","@id":"https:\/\/www.itq.de\/en\/#\/schema\/person\/e5fcb827698a5e3eccc3b5bfd2dc3915"},"headline":"Cyber Resilience Act: The Security Clock Is Ticking \u2013 Presentation at the Technologiezentrum Westbayern","datePublished":"2026-04-13T12:19:06+00:00","dateModified":"2026-04-29T07:49:50+00:00","mainEntityOfPage":{"@id":"https:\/\/www.itq.de\/en\/2026\/04\/13\/cyber-resilience-act-the-security-clock-is-ticking-presentation-at-the-technologiezentrum-westbayern\/"},"wordCount":673,"publisher":{"@id":"https:\/\/www.itq.de\/en\/#organization"},"image":{"@id":"https:\/\/www.itq.de\/en\/2026\/04\/13\/cyber-resilience-act-the-security-clock-is-ticking-presentation-at-the-technologiezentrum-westbayern\/#primaryimage"},"thumbnailUrl":"https:\/\/www.itq.de\/wp-content\/uploads\/2026\/04\/CRA-Fachvortrag-Noerdlingen-scaled.jpg","articleSection":["Events","News"],"inLanguage":"en-US"},{"@type":"WebPage","@id":"https:\/\/www.itq.de\/en\/2026\/04\/13\/cyber-resilience-act-the-security-clock-is-ticking-presentation-at-the-technologiezentrum-westbayern\/","url":"https:\/\/www.itq.de\/en\/2026\/04\/13\/cyber-resilience-act-the-security-clock-is-ticking-presentation-at-the-technologiezentrum-westbayern\/","name":"ITQ GmbH - Cyber Resilience Act: The Security Clock Is Ticking \u2013 Presentation at the Technologiezentrum Westbayern","isPartOf":{"@id":"https:\/\/www.itq.de\/en\/#website"},"primaryImageOfPage":{"@id":"https:\/\/www.itq.de\/en\/2026\/04\/13\/cyber-resilience-act-the-security-clock-is-ticking-presentation-at-the-technologiezentrum-westbayern\/#primaryimage"},"image":{"@id":"https:\/\/www.itq.de\/en\/2026\/04\/13\/cyber-resilience-act-the-security-clock-is-ticking-presentation-at-the-technologiezentrum-westbayern\/#primaryimage"},"thumbnailUrl":"https:\/\/www.itq.de\/wp-content\/uploads\/2026\/04\/CRA-Fachvortrag-Noerdlingen-scaled.jpg","datePublished":"2026-04-13T12:19:06+00:00","dateModified":"2026-04-29T07:49:50+00:00","description":"On May 5, 2026, a specialist presentation on the topic of the \u201cCyber Resilience Act\u201d will take place at the Technologiezentrum Westbayern (TCW) in N\u00f6rdlingen.","breadcrumb":{"@id":"https:\/\/www.itq.de\/en\/2026\/04\/13\/cyber-resilience-act-the-security-clock-is-ticking-presentation-at-the-technologiezentrum-westbayern\/#breadcrumb"},"inLanguage":"en-US","potentialAction":[{"@type":"ReadAction","target":["https:\/\/www.itq.de\/en\/2026\/04\/13\/cyber-resilience-act-the-security-clock-is-ticking-presentation-at-the-technologiezentrum-westbayern\/"]}]},{"@type":"ImageObject","inLanguage":"en-US","@id":"https:\/\/www.itq.de\/en\/2026\/04\/13\/cyber-resilience-act-the-security-clock-is-ticking-presentation-at-the-technologiezentrum-westbayern\/#primaryimage","url":"https:\/\/www.itq.de\/wp-content\/uploads\/2026\/04\/CRA-Fachvortrag-Noerdlingen-scaled.jpg","contentUrl":"https:\/\/www.itq.de\/wp-content\/uploads\/2026\/04\/CRA-Fachvortrag-Noerdlingen-scaled.jpg","width":2048,"height":743},{"@type":"BreadcrumbList","@id":"https:\/\/www.itq.de\/en\/2026\/04\/13\/cyber-resilience-act-the-security-clock-is-ticking-presentation-at-the-technologiezentrum-westbayern\/#breadcrumb","itemListElement":[{"@type":"ListItem","position":1,"name":"Startseite","item":"https:\/\/www.itq.de\/en\/"},{"@type":"ListItem","position":2,"name":"Cyber Resilience Act: The Security Clock Is Ticking \u2013 Presentation at the Technologiezentrum Westbayern"}]},{"@type":"WebSite","@id":"https:\/\/www.itq.de\/en\/#website","url":"https:\/\/www.itq.de\/en\/","name":"ITQ GmbH","description":"Dienstleistung und Beratung f\u00fcr Embedded Systems, Maschinen und Anlagen","publisher":{"@id":"https:\/\/www.itq.de\/en\/#organization"},"potentialAction":[{"@type":"SearchAction","target":{"@type":"EntryPoint","urlTemplate":"https:\/\/www.itq.de\/en\/?s={search_term_string}"},"query-input":{"@type":"PropertyValueSpecification","valueRequired":true,"valueName":"search_term_string"}}],"inLanguage":"en-US"},{"@type":"Organization","@id":"https:\/\/www.itq.de\/en\/#organization","name":"ITQ GmbH","url":"https:\/\/www.itq.de\/en\/","logo":{"@type":"ImageObject","inLanguage":"en-US","@id":"https:\/\/www.itq.de\/en\/#\/schema\/logo\/image\/","url":"https:\/\/www.itq.de\/wp-content\/uploads\/2019\/03\/ITQ_Logo-1.jpg","contentUrl":"https:\/\/www.itq.de\/wp-content\/uploads\/2019\/03\/ITQ_Logo-1.jpg","width":1442,"height":812,"caption":"ITQ GmbH"},"image":{"@id":"https:\/\/www.itq.de\/en\/#\/schema\/logo\/image\/"}},{"@type":"Person","@id":"https:\/\/www.itq.de\/en\/#\/schema\/person\/e5fcb827698a5e3eccc3b5bfd2dc3915","name":"Alisa Buzunova","image":{"@type":"ImageObject","inLanguage":"en-US","@id":"https:\/\/www.itq.de\/en\/#\/schema\/person\/image\/","url":"https:\/\/secure.gravatar.com\/avatar\/6a54ae8774016257394aaa890bccd0e49cda6f1e0d7aea961c35646edaa70ec8?s=96&d=mm&r=g","contentUrl":"https:\/\/secure.gravatar.com\/avatar\/6a54ae8774016257394aaa890bccd0e49cda6f1e0d7aea961c35646edaa70ec8?s=96&d=mm&r=g","caption":"Alisa Buzunova"},"url":"https:\/\/www.itq.de\/en\/author\/buzunova\/"}]}},"_links":{"self":[{"href":"https:\/\/www.itq.de\/en\/wp-json\/wp\/v2\/posts\/32232","targetHints":{"allow":["GET"]}}],"collection":[{"href":"https:\/\/www.itq.de\/en\/wp-json\/wp\/v2\/posts"}],"about":[{"href":"https:\/\/www.itq.de\/en\/wp-json\/wp\/v2\/types\/post"}],"author":[{"embeddable":true,"href":"https:\/\/www.itq.de\/en\/wp-json\/wp\/v2\/users\/28"}],"replies":[{"embeddable":true,"href":"https:\/\/www.itq.de\/en\/wp-json\/wp\/v2\/comments?post=32232"}],"version-history":[{"count":2,"href":"https:\/\/www.itq.de\/en\/wp-json\/wp\/v2\/posts\/32232\/revisions"}],"predecessor-version":[{"id":32234,"href":"https:\/\/www.itq.de\/en\/wp-json\/wp\/v2\/posts\/32232\/revisions\/32234"}],"wp:featuredmedia":[{"embeddable":true,"href":"https:\/\/www.itq.de\/en\/wp-json\/wp\/v2\/media\/32222"}],"wp:attachment":[{"href":"https:\/\/www.itq.de\/en\/wp-json\/wp\/v2\/media?parent=32232"}],"wp:term":[{"taxonomy":"category","embeddable":true,"href":"https:\/\/www.itq.de\/en\/wp-json\/wp\/v2\/categories?post=32232"},{"taxonomy":"post_tag","embeddable":true,"href":"https:\/\/www.itq.de\/en\/wp-json\/wp\/v2\/tags?post=32232"}],"curies":[{"name":"wp","href":"https:\/\/api.w.org\/{rel}","templated":true}]}}